{"id":2144,"date":"2026-09-02T10:17:20","date_gmt":"2026-09-02T14:17:20","guid":{"rendered":"https:\/\/fundesta.gob.ve\/?p=2144"},"modified":"2026-09-02T10:17:21","modified_gmt":"2026-09-02T14:17:21","slug":"fundesta-incorpora-nuevo-talento-humano-para-fortalecer-sus-labores-institucionales","status":"publish","type":"post","link":"https:\/\/fundesta.gob.ve\/?p=2144","title":{"rendered":"FUNDESTA incorpora nuevo talento humano para fortalecer sus labores institucionales"},"content":{"rendered":"\n<p>Para optimizar los procesos institucionales y continuar brindando una respuesta eficiente a la colectividad tachirense, el Instituto Aut\u00f3nomo para el Desarrollo de la Econom\u00eda Social del Estado T\u00e1chira (I.A Fundesta) realiz\u00f3 formalmente el ingreso de nuevo personal que formar\u00e1 parte de distintas dependencias de la instituci\u00f3n.<\/p>\n\n\n\n<p>Durante la actividad de integraci\u00f3n, directivos y coordinadores dieron la bienvenida a los nuevos colaboradores, destacando la importancia de su rol dentro del \u00e1rea de archivo, fiananzas, comunicaciones, y dem\u00e1s actividades contempladas en la agenda de la gobernaci\u00f3n.<\/p>\n\n\n\n<p>Asimismo, se enfatiz\u00f3 que la incorporaci\u00f3n de estos profesionales busca potenciar las capacidades operativas del instituto, garantizando un servicio de calidad enfocado en el desarrollo productivo y social del estado T\u00e1chira. Los nuevos ingresos manifestaron su entusiasmo y compromiso por asumir este reto laboral, listos para sumar esfuerzos en pro de los objetivos que contempla la instituci\u00f3n.<\/p>\n\n\n\n<p><strong><em>LYVB<\/em><\/strong><\/p>\n\n\n\n<p><\/p>\n","protected":false},"excerpt":{"rendered":"<p>Para optimizar los procesos institucionales y continuar brindando una respuesta eficiente a la colectividad tachirense, el Instituto Aut\u00f3nomo para el Desarrollo de la Econom\u00eda Social del Estado T\u00e1chira (I.A Fundesta) realiz\u00f3 formalmente el ingreso de nuevo personal que formar\u00e1 parte de distintas dependencias de la instituci\u00f3n. Durante la actividad de integraci\u00f3n, directivos y coordinadores dieron la bienvenida a los nuevos colaboradores, destacando la importancia de su rol dentro del \u00e1rea de archivo, fiananzas, comunicaciones, y dem\u00e1s actividades contempladas en la agenda de la gobernaci\u00f3n. Asimismo, se enfatiz\u00f3 que la incorporaci\u00f3n de estos profesionales busca potenciar las capacidades operativas del instituto, garantizando un servicio de calidad enfocado en el desarrollo productivo y social del estado T\u00e1chira. Los nuevos ingresos manifestaron su entusiasmo y compromiso por asumir este reto laboral, listos para sumar esfuerzos en pro de los objetivos que contempla la instituci\u00f3n. LYVB<\/p>\n","protected":false},"author":2,"featured_media":2145,"comment_status":"closed","ping_status":"closed","sticky":false,"template":"","format":"standard","meta":{"footnotes":""},"categories":[1],"tags":[],"class_list":["post-2144","post","type-post","status-publish","format-standard","has-post-thumbnail","hentry","category-sin-categoria"],"_links":{"self":[{"href":"https:\/\/fundesta.gob.ve\/index.php?rest_route=\/wp\/v2\/posts\/2144"}],"collection":[{"href":"https:\/\/fundesta.gob.ve\/index.php?rest_route=\/wp\/v2\/posts"}],"about":[{"href":"https:\/\/fundesta.gob.ve\/index.php?rest_route=\/wp\/v2\/types\/post"}],"author":[{"embeddable":true,"href":"https:\/\/fundesta.gob.ve\/index.php?rest_route=\/wp\/v2\/users\/2"}],"replies":[{"embeddable":true,"href":"https:\/\/fundesta.gob.ve\/index.php?rest_route=%2Fwp%2Fv2%2Fcomments&post=2144"}],"version-history":[{"count":1,"href":"https:\/\/fundesta.gob.ve\/index.php?rest_route=\/wp\/v2\/posts\/2144\/revisions"}],"predecessor-version":[{"id":2146,"href":"https:\/\/fundesta.gob.ve\/index.php?rest_route=\/wp\/v2\/posts\/2144\/revisions\/2146"}],"wp:featuredmedia":[{"embeddable":true,"href":"https:\/\/fundesta.gob.ve\/index.php?rest_route=\/wp\/v2\/media\/2145"}],"wp:attachment":[{"href":"https:\/\/fundesta.gob.ve\/index.php?rest_route=%2Fwp%2Fv2%2Fmedia&parent=2144"}],"wp:term":[{"taxonomy":"category","embeddable":true,"href":"https:\/\/fundesta.gob.ve\/index.php?rest_route=%2Fwp%2Fv2%2Fcategories&post=2144"},{"taxonomy":"post_tag","embeddable":true,"href":"https:\/\/fundesta.gob.ve\/index.php?rest_route=%2Fwp%2Fv2%2Ftags&post=2144"}],"curies":[{"name":"wp","href":"https:\/\/api.w.org\/{rel}","templated":true}]}}