{"id":1967,"date":"2026-04-28T15:50:02","date_gmt":"2026-04-28T19:50:02","guid":{"rendered":"https:\/\/fundesta.gob.ve\/?p=1967"},"modified":"2026-04-28T15:51:07","modified_gmt":"2026-04-28T19:51:07","slug":"i-convencion-de-exportadores-e-importadores-consolida-al-tachira-como-motor-logistico-y-productivo-de-venezuela","status":"publish","type":"post","link":"https:\/\/fundesta.gob.ve\/?p=1967","title":{"rendered":"I Convenci\u00f3n de Exportadores e Importadores consolida al T\u00e1chira como motor log\u00edstico y productivo de Venezuela"},"content":{"rendered":"\n<p><em>San Crist\u00f3bal, 24 y 25 de abril de 2026.<\/em>&nbsp;\u2013 Con una destacada participaci\u00f3n de empresarios, industriales, comerciantes y autoridades gubernamentales, se celebr\u00f3 en el Sal\u00f3n de Convenciones de ASOGATA la I Convenci\u00f3n de Exportadores e Importadores, organizada por Fedec\u00e1maras T\u00e1chira y la Revista 100 Empresas. El encuentro se centr\u00f3 en la log\u00edstica fronteriza, aduanas, transporte y el desarrollo comercial de la regi\u00f3n, con el objetivo de consolidar al estado T\u00e1chira como un motor productivo y log\u00edstico de Venezuela, abordando la normativa y los desaf\u00edos del comercio exterior.<\/p>\n\n\n\n<p>Durante la inauguraci\u00f3n, Gipsy Pineda, presidenta regional de Fedec\u00e1maras, calific\u00f3 el evento como un \u201cespacio clave para fortalecer la uni\u00f3n binacional y mostrar el inmenso potencial econ\u00f3mico de nuestro estado\u201d. Pineda subray\u00f3 la ubicaci\u00f3n estrat\u00e9gica del T\u00e1chira como un portal fundamental para la integraci\u00f3n econ\u00f3mica con Colombia y el fortalecimiento de cadenas productivas globales, y extendi\u00f3 una invitaci\u00f3n a inversionistas de todo el pa\u00eds a explorar las capacidades industriales locales.<\/p>\n\n\n\n<p>La convenci\u00f3n cont\u00f3 con ponencias de alto nivel, entre ellas el panel \u201cT\u00e1chira Centro Internacional de Carga y Log\u00edstico\u201d, con la participaci\u00f3n de Beatriz Guti\u00e9rrez de ADUALCA, y la presencia del analista econ\u00f3mico Luis Vicente Le\u00f3n. Los temas centrales incluyeron log\u00edstica fronteriza, aduanas, transporte y las oportunidades de exportaci\u00f3n e importaci\u00f3n.<\/p>\n\n\n\n<p><strong>Crecimiento comercial y Zona Econ\u00f3mica Especial<\/strong><\/p>\n\n\n\n<p><strong>Carlos Trompiz<\/strong>, director del Gabinete de Econom\u00eda de la Gobernaci\u00f3n del T\u00e1chira, destac\u00f3 los avances en materia de seguridad y planificaci\u00f3n conjunta que han permitido sentar las bases del crecimiento comercial. Explic\u00f3 que, seg\u00fan cifras oficiales, por el corredor comercial T\u00e1chira-Norte de Santander transitaron 453 millones de d\u00f3lares, lo que representa el 39% del intercambio comercial binacional, que totaliz\u00f3 1.175 millones de d\u00f3lares.<\/p>\n\n\n\n<p>Trompiz asegur\u00f3 que, una vez se active el decreto de la Zona Econ\u00f3mica Especial (ZEEF) del T\u00e1chira que abarcar\u00e1 nueve municipios estudiados por la Gobernaci\u00f3n y el Programa de Naciones Unidas para el Desarrollo (PNUD), se prev\u00e9 un salto exponencial en las cifras: \u201cEstamos convencidos de que pasaremos de 1.175 millones de d\u00f3lares a 2.000 millones de d\u00f3lares en 36 meses, con la generaci\u00f3n de m\u00e1s de 15.000 empleos\u201d.<\/p>\n\n\n\n<p>Atribuy\u00f3 estos resultados a las pol\u00edticas de seguridad implementadas en el territorio, al liderazgo del gobernador Freddy Bernal, y a la hoja de ruta del \u201cMaster Plan\u201d y el PNUD. Enfatiz\u00f3 que los acuerdos en materia de seguridad entre Venezuela y Colombia repercutir\u00e1n directamente en la tranquilidad, la paz y el dinamismo econ\u00f3mico de la zona fronteriza, consolidando al T\u00e1chira como el principal corredor comercial entre ambas naciones.<\/p>\n\n\n\n<p>La I Convenci\u00f3n de Exportadores e Importadores reafirma as\u00ed la importancia del estado T\u00e1chira como un eje fronterizo clave para el intercambio de mercanc\u00edas y el fortalecimiento de la econom\u00eda nacional.<\/p>\n\n\n\n<p><em>LYVB<\/em><\/p>\n\n\n\n<p><\/p>\n","protected":false},"excerpt":{"rendered":"<p>San Crist\u00f3bal, 24 y 25 de abril de 2026.&nbsp;\u2013 Con una destacada participaci\u00f3n de empresarios, industriales, comerciantes y autoridades gubernamentales, se celebr\u00f3 en el Sal\u00f3n de Convenciones de ASOGATA la I Convenci\u00f3n de Exportadores e Importadores, organizada por Fedec\u00e1maras T\u00e1chira y la Revista 100 Empresas. El encuentro se centr\u00f3 en la log\u00edstica fronteriza, aduanas, transporte y el desarrollo comercial de la regi\u00f3n, con el objetivo de consolidar al estado T\u00e1chira como un motor productivo y log\u00edstico de Venezuela, abordando la normativa y los desaf\u00edos del comercio exterior. Durante la inauguraci\u00f3n, Gipsy Pineda, presidenta regional de Fedec\u00e1maras, calific\u00f3 el evento como un \u201cespacio clave para fortalecer la uni\u00f3n binacional y mostrar el inmenso potencial econ\u00f3mico de nuestro estado\u201d. Pineda subray\u00f3 la ubicaci\u00f3n estrat\u00e9gica del T\u00e1chira como un portal fundamental para la integraci\u00f3n econ\u00f3mica con Colombia y el fortalecimiento de cadenas productivas globales, y extendi\u00f3 una invitaci\u00f3n a inversionistas de todo el pa\u00eds a explorar las capacidades industriales locales. La convenci\u00f3n cont\u00f3 con ponencias de alto nivel, entre ellas el panel \u201cT\u00e1chira Centro Internacional de Carga y Log\u00edstico\u201d, con la participaci\u00f3n de Beatriz Guti\u00e9rrez de ADUALCA, y la presencia del analista econ\u00f3mico Luis Vicente Le\u00f3n. Los temas centrales incluyeron log\u00edstica fronteriza, aduanas, transporte y las oportunidades de exportaci\u00f3n e importaci\u00f3n. Crecimiento comercial y Zona Econ\u00f3mica Especial Carlos Trompiz, director del Gabinete de Econom\u00eda de la Gobernaci\u00f3n del T\u00e1chira, destac\u00f3 los avances en materia de seguridad y planificaci\u00f3n conjunta que han permitido sentar las bases del crecimiento comercial. Explic\u00f3 que, seg\u00fan cifras oficiales, por el corredor comercial T\u00e1chira-Norte de Santander transitaron 453 millones de d\u00f3lares, lo que representa el 39% del intercambio comercial binacional, que totaliz\u00f3 1.175 millones de d\u00f3lares. Trompiz asegur\u00f3 que, una vez se active el decreto de la Zona Econ\u00f3mica Especial (ZEEF) del T\u00e1chira que abarcar\u00e1 nueve municipios estudiados por la Gobernaci\u00f3n y el Programa de Naciones Unidas para el Desarrollo (PNUD), se prev\u00e9 un salto exponencial en las cifras: \u201cEstamos convencidos de que pasaremos de 1.175 millones de d\u00f3lares a 2.000 millones de d\u00f3lares en 36 meses, con la generaci\u00f3n de m\u00e1s de 15.000 empleos\u201d. Atribuy\u00f3 estos resultados a las pol\u00edticas de seguridad implementadas en el territorio, al liderazgo del gobernador Freddy Bernal, y a la hoja de ruta del \u201cMaster Plan\u201d y el PNUD. Enfatiz\u00f3 que los acuerdos en materia de seguridad entre Venezuela y Colombia repercutir\u00e1n directamente en la tranquilidad, la paz y el dinamismo econ\u00f3mico de la zona fronteriza, consolidando al T\u00e1chira como el principal corredor comercial entre ambas naciones. La I Convenci\u00f3n de Exportadores e Importadores reafirma as\u00ed la importancia del estado T\u00e1chira como un eje fronterizo clave para el intercambio de mercanc\u00edas y el fortalecimiento de la econom\u00eda nacional. LYVB<\/p>\n","protected":false},"author":2,"featured_media":1970,"comment_status":"closed","ping_status":"closed","sticky":false,"template":"","format":"standard","meta":{"footnotes":""},"categories":[1],"tags":[],"class_list":["post-1967","post","type-post","status-publish","format-standard","has-post-thumbnail","hentry","category-sin-categoria"],"_links":{"self":[{"href":"https:\/\/fundesta.gob.ve\/index.php?rest_route=\/wp\/v2\/posts\/1967"}],"collection":[{"href":"https:\/\/fundesta.gob.ve\/index.php?rest_route=\/wp\/v2\/posts"}],"about":[{"href":"https:\/\/fundesta.gob.ve\/index.php?rest_route=\/wp\/v2\/types\/post"}],"author":[{"embeddable":true,"href":"https:\/\/fundesta.gob.ve\/index.php?rest_route=\/wp\/v2\/users\/2"}],"replies":[{"embeddable":true,"href":"https:\/\/fundesta.gob.ve\/index.php?rest_route=%2Fwp%2Fv2%2Fcomments&post=1967"}],"version-history":[{"count":1,"href":"https:\/\/fundesta.gob.ve\/index.php?rest_route=\/wp\/v2\/posts\/1967\/revisions"}],"predecessor-version":[{"id":1969,"href":"https:\/\/fundesta.gob.ve\/index.php?rest_route=\/wp\/v2\/posts\/1967\/revisions\/1969"}],"wp:featuredmedia":[{"embeddable":true,"href":"https:\/\/fundesta.gob.ve\/index.php?rest_route=\/wp\/v2\/media\/1970"}],"wp:attachment":[{"href":"https:\/\/fundesta.gob.ve\/index.php?rest_route=%2Fwp%2Fv2%2Fmedia&parent=1967"}],"wp:term":[{"taxonomy":"category","embeddable":true,"href":"https:\/\/fundesta.gob.ve\/index.php?rest_route=%2Fwp%2Fv2%2Fcategories&post=1967"},{"taxonomy":"post_tag","embeddable":true,"href":"https:\/\/fundesta.gob.ve\/index.php?rest_route=%2Fwp%2Fv2%2Ftags&post=1967"}],"curies":[{"name":"wp","href":"https:\/\/api.w.org\/{rel}","templated":true}]}}