{"id":1964,"date":"2026-04-24T11:19:29","date_gmt":"2026-04-24T15:19:29","guid":{"rendered":"https:\/\/fundesta.gob.ve\/?p=1964"},"modified":"2026-04-24T11:19:30","modified_gmt":"2026-04-24T15:19:30","slug":"fundesta-presente-en-el-bautizo-del-libro-andres-bello-el-legado-de-una-obra-perdurable","status":"publish","type":"post","link":"https:\/\/fundesta.gob.ve\/?p=1964","title":{"rendered":"Fundesta presente en el bautizo del libro \u201cAndr\u00e9s Bello: el legado de una obra perdurable\u201d"},"content":{"rendered":"\n<p><em>En el marco del D\u00eda Internacional del Libro, el presidente del I.A FUNDESTA en representaci\u00f3n del gobernador Freddy Bernal acompa\u00f1\u00f3 la jornada que reivindic\u00f3 la lectura como acto de resistencia intelectual.<\/em><\/p>\n\n\n\n<p><strong>San Crist\u00f3bal, 23 de abril de 2026.-<\/strong>\u00a0En una significativa jornada por el D\u00eda Internacional del Libro, el Idioma y el Derecho de Autor, la Universidad de Los Andes \u2013 N\u00facleo T\u00e1chira celebr\u00f3 el bautizo de la obra del historiador Dr.\u00a0<strong>Ildefonso M\u00e9ndez Salcedo<\/strong>, titulada\u00a0<strong>\u00abAndr\u00e9s Bello: el legado de una obra perdurable\u00bb<\/strong>. Al evento, realizado en la Biblioteca \u00abLuis Beltr\u00e1n Prieto Figueroa\u00bb, asisti\u00f3 como invitado especial\u00a0el Dr. Carlos Trompiz, presidente de Fundesta, en representaci\u00f3n del gobernador Freddy Bernal.<\/p>\n\n\n\n<p>La actividad fue organizada por los Servicios Bibliotecarios de la Universidad de Los Andes (SERBIULA) junto a la Coordinaci\u00f3n del Museo Pedag\u00f3gico \u00abTem\u00edstocles Salazar\u00bb, y cont\u00f3 con la presencia del vicerrector decano, Dr. Omar P\u00e9rez D\u00edaz; la profesora Doray Contreras, coordinadora de la Comisi\u00f3n de Postgrado; y la profesora Gladys Ni\u00f1o, coordinadora de la MHV ULA T\u00e1chira. Por parte de Fundesta, asistieron representantes de la fundaci\u00f3n que reafirmaron el compromiso institucional con la cultura y la educaci\u00f3n en la regi\u00f3n.<\/p>\n\n\n\n<p><strong>El libro como refugio de la memoria colectiva<\/strong><\/p>\n\n\n\n<p>Durante su intervenci\u00f3n, el Dr. Omar P\u00e9rez D\u00edaz destac\u00f3 que el libro sigue siendo \u00abla herramienta m\u00e1s poderosa de libertad y saber\u00bb y reivindic\u00f3 la lectura pausada y profunda como un acto de resistencia intelectual frente a la inmediatez digital.&nbsp;<em>\u00abEn una era dominada por la fugacidad de los tiempos modernos, cada p\u00e1gina escrita por nuestros investigadores representa un acto de valent\u00eda que merece ser protegido\u00bb<\/em>, afirm\u00f3.<\/p>\n\n\n\n<p>Asimismo, exhort\u00f3 a toda la comunidad ulandina a mantener viva la llama de la lectura, el respeto por el derecho de autor y el amor por nuestro idioma, como caminos hacia una sociedad m\u00e1s culta, cr\u00edtica y humana.<\/p>\n\n\n\n<p><strong>Bautizo y reflexi\u00f3n sobre el legado universitario<\/strong><\/p>\n\n\n\n<p>El momento central de la jornada fue el bautizo del libro\u00a0\u00abAndr\u00e9s Bello: el legado de una obra perdurable\u00bb, del Dr. Ildefonso M\u00e9ndez Salcedo, obra que profundiza en los valores humanistas del maestro Andr\u00e9s Bello y la misi\u00f3n transformadora de la universidad venezolana. La profesora Gladys Ni\u00f1o present\u00f3 la obra, se\u00f1alando que\u00a0<em>\u00abel libro sigue siendo el refugio de la memoria colectiva y el puente que permite a la academia dialogar con el mundo entero a trav\u00e9s de las letras\u00bb<\/em>.<\/p>\n\n\n\n<p>Posteriormente, el autor dict\u00f3 la conferencia\u00a0<em>\u00abAndr\u00e9s Bello y la Misi\u00f3n de la Universidad\u00bb<\/em>, en la que reflexion\u00f3 sobre el pensamiento del humanista y la necesidad de una universidad del futuro adaptada a la nueva realidad del pa\u00eds. <\/p>\n\n\n\n<p>El acervo bibliotecario se fortaleci\u00f3 con una donaci\u00f3n de obras impresas sobre la historia de C\u00facuta, otorgada por el profesor Silvano Pab\u00f3n Villamizar, en un gesto que refuerza los lazos acad\u00e9micos binacionales.<\/p>\n\n\n\n<p>Desde Fundesta, se destac\u00f3 la importancia de acompa\u00f1ar iniciativas que honran la palabra, la memoria y el saber, y reafirmaron el respaldo del gobernador Freddy Bernal a todas las expresiones culturales que enaltecen la identidad tachirense.<\/p>\n\n\n\n<p><\/p>\n","protected":false},"excerpt":{"rendered":"<p>En el marco del D\u00eda Internacional del Libro, el presidente del I.A FUNDESTA en representaci\u00f3n del gobernador Freddy Bernal acompa\u00f1\u00f3 la jornada que reivindic\u00f3 la lectura como acto de resistencia intelectual. San Crist\u00f3bal, 23 de abril de 2026.-\u00a0En una significativa jornada por el D\u00eda Internacional del Libro, el Idioma y el Derecho de Autor, la Universidad de Los Andes \u2013 N\u00facleo T\u00e1chira celebr\u00f3 el bautizo de la obra del historiador Dr.\u00a0Ildefonso M\u00e9ndez Salcedo, titulada\u00a0\u00abAndr\u00e9s Bello: el legado de una obra perdurable\u00bb. Al evento, realizado en la Biblioteca \u00abLuis Beltr\u00e1n Prieto Figueroa\u00bb, asisti\u00f3 como invitado especial\u00a0el Dr. Carlos Trompiz, presidente de Fundesta, en representaci\u00f3n del gobernador Freddy Bernal. La actividad fue organizada por los Servicios Bibliotecarios de la Universidad de Los Andes (SERBIULA) junto a la Coordinaci\u00f3n del Museo Pedag\u00f3gico \u00abTem\u00edstocles Salazar\u00bb, y cont\u00f3 con la presencia del vicerrector decano, Dr. Omar P\u00e9rez D\u00edaz; la profesora Doray Contreras, coordinadora de la Comisi\u00f3n de Postgrado; y la profesora Gladys Ni\u00f1o, coordinadora de la MHV ULA T\u00e1chira. Por parte de Fundesta, asistieron representantes de la fundaci\u00f3n que reafirmaron el compromiso institucional con la cultura y la educaci\u00f3n en la regi\u00f3n. El libro como refugio de la memoria colectiva Durante su intervenci\u00f3n, el Dr. Omar P\u00e9rez D\u00edaz destac\u00f3 que el libro sigue siendo \u00abla herramienta m\u00e1s poderosa de libertad y saber\u00bb y reivindic\u00f3 la lectura pausada y profunda como un acto de resistencia intelectual frente a la inmediatez digital.&nbsp;\u00abEn una era dominada por la fugacidad de los tiempos modernos, cada p\u00e1gina escrita por nuestros investigadores representa un acto de valent\u00eda que merece ser protegido\u00bb, afirm\u00f3. Asimismo, exhort\u00f3 a toda la comunidad ulandina a mantener viva la llama de la lectura, el respeto por el derecho de autor y el amor por nuestro idioma, como caminos hacia una sociedad m\u00e1s culta, cr\u00edtica y humana. Bautizo y reflexi\u00f3n sobre el legado universitario El momento central de la jornada fue el bautizo del libro\u00a0\u00abAndr\u00e9s Bello: el legado de una obra perdurable\u00bb, del Dr. Ildefonso M\u00e9ndez Salcedo, obra que profundiza en los valores humanistas del maestro Andr\u00e9s Bello y la misi\u00f3n transformadora de la universidad venezolana. La profesora Gladys Ni\u00f1o present\u00f3 la obra, se\u00f1alando que\u00a0\u00abel libro sigue siendo el refugio de la memoria colectiva y el puente que permite a la academia dialogar con el mundo entero a trav\u00e9s de las letras\u00bb. Posteriormente, el autor dict\u00f3 la conferencia\u00a0\u00abAndr\u00e9s Bello y la Misi\u00f3n de la Universidad\u00bb, en la que reflexion\u00f3 sobre el pensamiento del humanista y la necesidad de una universidad del futuro adaptada a la nueva realidad del pa\u00eds. El acervo bibliotecario se fortaleci\u00f3 con una donaci\u00f3n de obras impresas sobre la historia de C\u00facuta, otorgada por el profesor Silvano Pab\u00f3n Villamizar, en un gesto que refuerza los lazos acad\u00e9micos binacionales. Desde Fundesta, se destac\u00f3 la importancia de acompa\u00f1ar iniciativas que honran la palabra, la memoria y el saber, y reafirmaron el respaldo del gobernador Freddy Bernal a todas las expresiones culturales que enaltecen la identidad tachirense.<\/p>\n","protected":false},"author":2,"featured_media":1965,"comment_status":"closed","ping_status":"closed","sticky":false,"template":"","format":"standard","meta":{"footnotes":""},"categories":[1],"tags":[],"class_list":["post-1964","post","type-post","status-publish","format-standard","has-post-thumbnail","hentry","category-sin-categoria"],"_links":{"self":[{"href":"https:\/\/fundesta.gob.ve\/index.php?rest_route=\/wp\/v2\/posts\/1964"}],"collection":[{"href":"https:\/\/fundesta.gob.ve\/index.php?rest_route=\/wp\/v2\/posts"}],"about":[{"href":"https:\/\/fundesta.gob.ve\/index.php?rest_route=\/wp\/v2\/types\/post"}],"author":[{"embeddable":true,"href":"https:\/\/fundesta.gob.ve\/index.php?rest_route=\/wp\/v2\/users\/2"}],"replies":[{"embeddable":true,"href":"https:\/\/fundesta.gob.ve\/index.php?rest_route=%2Fwp%2Fv2%2Fcomments&post=1964"}],"version-history":[{"count":1,"href":"https:\/\/fundesta.gob.ve\/index.php?rest_route=\/wp\/v2\/posts\/1964\/revisions"}],"predecessor-version":[{"id":1966,"href":"https:\/\/fundesta.gob.ve\/index.php?rest_route=\/wp\/v2\/posts\/1964\/revisions\/1966"}],"wp:featuredmedia":[{"embeddable":true,"href":"https:\/\/fundesta.gob.ve\/index.php?rest_route=\/wp\/v2\/media\/1965"}],"wp:attachment":[{"href":"https:\/\/fundesta.gob.ve\/index.php?rest_route=%2Fwp%2Fv2%2Fmedia&parent=1964"}],"wp:term":[{"taxonomy":"category","embeddable":true,"href":"https:\/\/fundesta.gob.ve\/index.php?rest_route=%2Fwp%2Fv2%2Fcategories&post=1964"},{"taxonomy":"post_tag","embeddable":true,"href":"https:\/\/fundesta.gob.ve\/index.php?rest_route=%2Fwp%2Fv2%2Ftags&post=1964"}],"curies":[{"name":"wp","href":"https:\/\/api.w.org\/{rel}","templated":true}]}}