{"id":1956,"date":"2026-04-20T10:42:48","date_gmt":"2026-04-20T14:42:48","guid":{"rendered":"https:\/\/fundesta.gob.ve\/?p=1956"},"modified":"2026-04-20T10:43:54","modified_gmt":"2026-04-20T14:43:54","slug":"tachira-en-consenso-impulsa-propuestas-para-una-reforma-laboral-con-vision-fronteriza","status":"publish","type":"post","link":"https:\/\/fundesta.gob.ve\/?p=1956","title":{"rendered":"\u201cT\u00e1chira en Consenso\u201d impulsa propuestas para una reforma laboral con visi\u00f3n fronteriza"},"content":{"rendered":"\n<p><em>El encuentro, realizado en la UCAT, reuni\u00f3 a los sectores acad\u00e9mico, empresarial, sindical, civil y gubernamental para construir una legislaci\u00f3n adaptada a la realidad del estado T\u00e1chira.<\/em><\/p>\n\n\n\n<p><strong>San Crist\u00f3bal, 16 de abril de 2026.<\/strong>\u00a0\u2013 Con un auditorio completamente lleno, la Universidad Cat\u00f3lica del T\u00e1chira (UCAT) fue escenario del foro \u201cT\u00e1chira en Consenso: Hacia una Reforma Laboral\u201d, un espacio de di\u00e1logo plural que convoc\u00f3 a j\u00f3venes, acad\u00e9micos, gremios empresariales, representantes sindicales, intelectuales y voceros del gobierno regional, con el objetivo de generar propuestas concretas para la actualizaci\u00f3n de la Ley Org\u00e1nica del Trabajo (LOTTT), atendiendo las particularidades de la zona fronteriza.<\/p>\n\n\n\n<p>La iniciativa fue organizada de manera conjunta por la UCAT, a trav\u00e9s de su C\u00e1tedra de Frontera \u201cMons. Dr. Mario del Valle Moronta Rodr\u00edguez\u201d; la C\u00e1mara de Comercio e Industria del Estado T\u00e1chira; Fedec\u00e1maras T\u00e1chira; y Fundesta, en representaci\u00f3n de la Gobernaci\u00f3n del T\u00e1chira.<\/p>\n\n\n\n<p><strong>Un debate necesario para la frontera<\/strong><\/p>\n\n\n\n<p>Durante el encuentro, los ponentes coincidieron en la urgencia de actualizar el marco legal vigente para impulsar la productividad y mejorar la calidad de vida de los trabajadores. Yensy Meneses, coordinador de la C\u00e1tedra de Frontera de la UCAT, destac\u00f3 que el evento busca \u201cimpulsar un consenso para que el di\u00e1logo social vuelva a aparecer en los escritos de esta sociedad venezolana\u201d, subrayando que se necesita una legislaci\u00f3n laboral que impulse el desarrollo en el eje fronterizo T\u00e1chira-Norte de Santander.<\/p>\n\n\n\n<p>Entre los temas abordados se encontraron la flexibilizaci\u00f3n y estabilidad laboral, la transparencia salarial, el teletrabajo, las prestaciones sociales y la inamovilidad laboral.<\/p>\n\n\n\n<p><strong>T\u00e1chira lidera el debate laboral desde la academia y el territorio<\/strong><\/p>\n\n\n\n<p>El Dr. Carlos Trompiz, coordinador del Gabinete de Econom\u00eda y Desarrollo de la Gobernaci\u00f3n del T\u00e1chira y presidente de Fundesta, se\u00f1al\u00f3 que el gobernador Freddy Bernal estar\u00e1 atento a los resultados de este di\u00e1logo, reafirmando su inter\u00e9s en trabajar proyectos basados en estudios profundos de la realidad regional. \u201cDesde el gobierno regional, impulsamos la participaci\u00f3n activa del T\u00e1chira en la mesa de consenso laboral propiciada por la presidenta encargada, Delcy Rodr\u00edguez. No queremos ver esa mesa desde afuera: queremos participar\u201d, afirm\u00f3 Trompiz.<\/p>\n\n\n\n<p>El resultado del foro ser\u00e1 un documento t\u00e9cnico con visi\u00f3n territorial, que refleje las particularidades del estado fronterizo y su apuesta por una Venezuela productiva, progresista y autosostenible. Adem\u00e1s, se anunci\u00f3 la creaci\u00f3n de una comisi\u00f3n especial que sistematizar\u00e1 las propuestas debatidas para ser entregadas formalmente ante el parlamento regional y nacional.<\/p>\n\n\n\n<p>En el marco del evento, se reafirm\u00f3 el compromiso con la creaci\u00f3n de la Zona Econ\u00f3mica Especial del T\u00e1chira, que abarca nueve municipios estudiados cient\u00edficamente junto al Programa de Naciones Unidas para el Desarrollo (PNUD). Su hoja de ruta apunta a generar inversi\u00f3n y empleo, impulsar la prosperidad econ\u00f3mica, mejorar los servicios p\u00fablicos, incrementar la actividad comercial y elevar la calidad de vida y la capacidad adquisitiva de las familias tachirense.<\/p>\n\n\n\n<p><em>LYVB<\/em>\/ prensa<\/p>\n","protected":false},"excerpt":{"rendered":"<p>El encuentro, realizado en la UCAT, reuni\u00f3 a los sectores acad\u00e9mico, empresarial, sindical, civil y gubernamental para construir una legislaci\u00f3n adaptada a la realidad del estado T\u00e1chira. San Crist\u00f3bal, 16 de abril de 2026.\u00a0\u2013 Con un auditorio completamente lleno, la Universidad Cat\u00f3lica del T\u00e1chira (UCAT) fue escenario del foro \u201cT\u00e1chira en Consenso: Hacia una Reforma Laboral\u201d, un espacio de di\u00e1logo plural que convoc\u00f3 a j\u00f3venes, acad\u00e9micos, gremios empresariales, representantes sindicales, intelectuales y voceros del gobierno regional, con el objetivo de generar propuestas concretas para la actualizaci\u00f3n de la Ley Org\u00e1nica del Trabajo (LOTTT), atendiendo las particularidades de la zona fronteriza. La iniciativa fue organizada de manera conjunta por la UCAT, a trav\u00e9s de su C\u00e1tedra de Frontera \u201cMons. Dr. Mario del Valle Moronta Rodr\u00edguez\u201d; la C\u00e1mara de Comercio e Industria del Estado T\u00e1chira; Fedec\u00e1maras T\u00e1chira; y Fundesta, en representaci\u00f3n de la Gobernaci\u00f3n del T\u00e1chira. Un debate necesario para la frontera Durante el encuentro, los ponentes coincidieron en la urgencia de actualizar el marco legal vigente para impulsar la productividad y mejorar la calidad de vida de los trabajadores. Yensy Meneses, coordinador de la C\u00e1tedra de Frontera de la UCAT, destac\u00f3 que el evento busca \u201cimpulsar un consenso para que el di\u00e1logo social vuelva a aparecer en los escritos de esta sociedad venezolana\u201d, subrayando que se necesita una legislaci\u00f3n laboral que impulse el desarrollo en el eje fronterizo T\u00e1chira-Norte de Santander. Entre los temas abordados se encontraron la flexibilizaci\u00f3n y estabilidad laboral, la transparencia salarial, el teletrabajo, las prestaciones sociales y la inamovilidad laboral. T\u00e1chira lidera el debate laboral desde la academia y el territorio El Dr. Carlos Trompiz, coordinador del Gabinete de Econom\u00eda y Desarrollo de la Gobernaci\u00f3n del T\u00e1chira y presidente de Fundesta, se\u00f1al\u00f3 que el gobernador Freddy Bernal estar\u00e1 atento a los resultados de este di\u00e1logo, reafirmando su inter\u00e9s en trabajar proyectos basados en estudios profundos de la realidad regional. \u201cDesde el gobierno regional, impulsamos la participaci\u00f3n activa del T\u00e1chira en la mesa de consenso laboral propiciada por la presidenta encargada, Delcy Rodr\u00edguez. No queremos ver esa mesa desde afuera: queremos participar\u201d, afirm\u00f3 Trompiz. El resultado del foro ser\u00e1 un documento t\u00e9cnico con visi\u00f3n territorial, que refleje las particularidades del estado fronterizo y su apuesta por una Venezuela productiva, progresista y autosostenible. Adem\u00e1s, se anunci\u00f3 la creaci\u00f3n de una comisi\u00f3n especial que sistematizar\u00e1 las propuestas debatidas para ser entregadas formalmente ante el parlamento regional y nacional. En el marco del evento, se reafirm\u00f3 el compromiso con la creaci\u00f3n de la Zona Econ\u00f3mica Especial del T\u00e1chira, que abarca nueve municipios estudiados cient\u00edficamente junto al Programa de Naciones Unidas para el Desarrollo (PNUD). Su hoja de ruta apunta a generar inversi\u00f3n y empleo, impulsar la prosperidad econ\u00f3mica, mejorar los servicios p\u00fablicos, incrementar la actividad comercial y elevar la calidad de vida y la capacidad adquisitiva de las familias tachirense. LYVB\/ prensa<\/p>\n","protected":false},"author":2,"featured_media":1957,"comment_status":"closed","ping_status":"closed","sticky":false,"template":"","format":"standard","meta":{"footnotes":""},"categories":[1],"tags":[],"class_list":["post-1956","post","type-post","status-publish","format-standard","has-post-thumbnail","hentry","category-sin-categoria"],"_links":{"self":[{"href":"https:\/\/fundesta.gob.ve\/index.php?rest_route=\/wp\/v2\/posts\/1956"}],"collection":[{"href":"https:\/\/fundesta.gob.ve\/index.php?rest_route=\/wp\/v2\/posts"}],"about":[{"href":"https:\/\/fundesta.gob.ve\/index.php?rest_route=\/wp\/v2\/types\/post"}],"author":[{"embeddable":true,"href":"https:\/\/fundesta.gob.ve\/index.php?rest_route=\/wp\/v2\/users\/2"}],"replies":[{"embeddable":true,"href":"https:\/\/fundesta.gob.ve\/index.php?rest_route=%2Fwp%2Fv2%2Fcomments&post=1956"}],"version-history":[{"count":2,"href":"https:\/\/fundesta.gob.ve\/index.php?rest_route=\/wp\/v2\/posts\/1956\/revisions"}],"predecessor-version":[{"id":1959,"href":"https:\/\/fundesta.gob.ve\/index.php?rest_route=\/wp\/v2\/posts\/1956\/revisions\/1959"}],"wp:featuredmedia":[{"embeddable":true,"href":"https:\/\/fundesta.gob.ve\/index.php?rest_route=\/wp\/v2\/media\/1957"}],"wp:attachment":[{"href":"https:\/\/fundesta.gob.ve\/index.php?rest_route=%2Fwp%2Fv2%2Fmedia&parent=1956"}],"wp:term":[{"taxonomy":"category","embeddable":true,"href":"https:\/\/fundesta.gob.ve\/index.php?rest_route=%2Fwp%2Fv2%2Fcategories&post=1956"},{"taxonomy":"post_tag","embeddable":true,"href":"https:\/\/fundesta.gob.ve\/index.php?rest_route=%2Fwp%2Fv2%2Ftags&post=1956"}],"curies":[{"name":"wp","href":"https:\/\/api.w.org\/{rel}","templated":true}]}}