{"id":1628,"date":"2025-05-09T16:50:16","date_gmt":"2025-05-09T20:50:16","guid":{"rendered":"https:\/\/fundesta.gob.ve\/?p=1628"},"modified":"2025-05-09T16:50:18","modified_gmt":"2025-05-09T20:50:18","slug":"alianzas-estrategicas-que-construyen-futuro","status":"publish","type":"post","link":"https:\/\/fundesta.gob.ve\/?p=1628","title":{"rendered":"Alianzas estrat\u00e9gicas que construyen futuro"},"content":{"rendered":"\n<p>El estado T\u00e1chira reafirma su posici\u00f3n como un epicentro de desarrollo econ\u00f3mico y agroindustrial en Venezuela. Durante una importante reuni\u00f3n entre el Gobernador Freddy Bernal y la Presidenta de Nestl\u00e9 Venezuela, Mar\u00eda Cocho, se anunciaron proyectos de gran envergadura que impulsar\u00e1n el progreso de nuestra regi\u00f3n.<\/p>\n\n\n\n<p>Entre los anuncios m\u00e1s destacados, Nestl\u00e9 confirm\u00f3:<\/p>\n\n\n\n<ul class=\"wp-block-list\">\n<li>La construcci\u00f3n de una nueva planta de producci\u00f3n de leche en polvo.<\/li>\n\n\n\n<li>La ampliaci\u00f3n de su capacidad para procesar el cacao tachirense, reconocido a nivel nacional e internacional por su calidad excepcional.<\/li>\n<\/ul>\n\n\n\n<p>Estos proyectos representan un compromiso s\u00f3lido con el desarrollo agroindustrial del estado y traer\u00e1n beneficios significativos a la regi\u00f3n. Se prev\u00e9:<\/p>\n\n\n\n<ul class=\"wp-block-list\">\n<li>La generaci\u00f3n de empleo directo e indirecto, impactando positivamente a cientos de familias tachirenses.<\/li>\n\n\n\n<li>El fortalecimiento de las cadenas de valor agr\u00edcola, abriendo nuevas oportunidades para los productores locales y ampliando el mercado para sus productos.<\/li>\n<\/ul>\n\n\n\n<p>Este tipo de iniciativas, resultado de alianzas estrat\u00e9gicas entre el sector p\u00fablico y privado, consolidan al T\u00e1chira como un pilar fundamental del desarrollo econ\u00f3mico nacional. Con proyectos como estos, no solo se generan oportunidades para los productores agroindustriales, sino que tambi\u00e9n se refuerza la confianza en el potencial de nuestra regi\u00f3n. Desde el Gobierno del estado y Nestl\u00e9 Venezuela, se ratifica el compromiso de seguir trabajando juntos para construir un futuro prometedor para el T\u00e1chira.<\/p>\n","protected":false},"excerpt":{"rendered":"<p>El estado T\u00e1chira reafirma su posici\u00f3n como un epicentro de desarrollo econ\u00f3mico y agroindustrial en Venezuela. Durante una importante reuni\u00f3n entre el Gobernador Freddy Bernal y la Presidenta de Nestl\u00e9 Venezuela, Mar\u00eda Cocho, se anunciaron proyectos de gran envergadura que impulsar\u00e1n el progreso de nuestra regi\u00f3n. Entre los anuncios m\u00e1s destacados, Nestl\u00e9 confirm\u00f3: Estos proyectos representan un compromiso s\u00f3lido con el desarrollo agroindustrial del estado y traer\u00e1n beneficios significativos a la regi\u00f3n. Se prev\u00e9: Este tipo de iniciativas, resultado de alianzas estrat\u00e9gicas entre el sector p\u00fablico y privado, consolidan al T\u00e1chira como un pilar fundamental del desarrollo econ\u00f3mico nacional. Con proyectos como estos, no solo se generan oportunidades para los productores agroindustriales, sino que tambi\u00e9n se refuerza la confianza en el potencial de nuestra regi\u00f3n. Desde el Gobierno del estado y Nestl\u00e9 Venezuela, se ratifica el compromiso de seguir trabajando juntos para construir un futuro prometedor para el T\u00e1chira.<\/p>\n","protected":false},"author":2,"featured_media":1629,"comment_status":"closed","ping_status":"closed","sticky":false,"template":"","format":"standard","meta":{"footnotes":""},"categories":[26],"tags":[31,38,34,32],"class_list":["post-1628","post","type-post","status-publish","format-standard","has-post-thumbnail","hentry","category-desarrollo-regional","tag-desarrollo","tag-fundesta","tag-productividad","tag-tachira"],"_links":{"self":[{"href":"https:\/\/fundesta.gob.ve\/index.php?rest_route=\/wp\/v2\/posts\/1628"}],"collection":[{"href":"https:\/\/fundesta.gob.ve\/index.php?rest_route=\/wp\/v2\/posts"}],"about":[{"href":"https:\/\/fundesta.gob.ve\/index.php?rest_route=\/wp\/v2\/types\/post"}],"author":[{"embeddable":true,"href":"https:\/\/fundesta.gob.ve\/index.php?rest_route=\/wp\/v2\/users\/2"}],"replies":[{"embeddable":true,"href":"https:\/\/fundesta.gob.ve\/index.php?rest_route=%2Fwp%2Fv2%2Fcomments&post=1628"}],"version-history":[{"count":1,"href":"https:\/\/fundesta.gob.ve\/index.php?rest_route=\/wp\/v2\/posts\/1628\/revisions"}],"predecessor-version":[{"id":1630,"href":"https:\/\/fundesta.gob.ve\/index.php?rest_route=\/wp\/v2\/posts\/1628\/revisions\/1630"}],"wp:featuredmedia":[{"embeddable":true,"href":"https:\/\/fundesta.gob.ve\/index.php?rest_route=\/wp\/v2\/media\/1629"}],"wp:attachment":[{"href":"https:\/\/fundesta.gob.ve\/index.php?rest_route=%2Fwp%2Fv2%2Fmedia&parent=1628"}],"wp:term":[{"taxonomy":"category","embeddable":true,"href":"https:\/\/fundesta.gob.ve\/index.php?rest_route=%2Fwp%2Fv2%2Fcategories&post=1628"},{"taxonomy":"post_tag","embeddable":true,"href":"https:\/\/fundesta.gob.ve\/index.php?rest_route=%2Fwp%2Fv2%2Ftags&post=1628"}],"curies":[{"name":"wp","href":"https:\/\/api.w.org\/{rel}","templated":true}]}}