{"id":1575,"date":"2025-01-12T17:42:49","date_gmt":"2025-01-12T21:42:49","guid":{"rendered":"https:\/\/fundesta.gob.ve\/?p=1575"},"modified":"2025-01-12T17:42:50","modified_gmt":"2025-01-12T21:42:50","slug":"gobierno-tachirense-para-la-integracion","status":"publish","type":"post","link":"https:\/\/fundesta.gob.ve\/?p=1575","title":{"rendered":"Gobierno tachirense para la integraci\u00f3n"},"content":{"rendered":"\n<p>El presidente del I.A FUNDESTA, Carlos Trompiz, subray\u00f3 que con las ferias de emprendedores,  el gobierno del T\u00e1chira se ha basado en la inclusi\u00f3n de todas las tendencias pol\u00edticas para promover el desarrollo estadal.<\/p>\n\n\n\n<p><strong>\u201cHoy nos encontramos con un equipo de personas responsables, disciplinadas, con compromiso, determinaci\u00f3n y perseverancia. Estoy seguro que tal como dice el gobernador Freddy Bernal, el modelo de pa\u00eds productivo y auto sostenible va a nacer y se va a consolidar en el estado T\u00e1chira. El gobernador est\u00e1 demostrando que est\u00e1 presente junto a todas las tendencias para brindar soluciones desde la integraci\u00f3n\u201d.<\/strong><\/p>\n\n\n\n<p>Asegur\u00f3 que: \u201cQuien permanece en actitud positiva ante la vida, haciendo frente a las dificultades, vi\u00e9ndolo como desaf\u00edos, como un reto para crecer, entiende el prop\u00f3sito de haber venido a este mundo, y podr\u00e1 crecer y alcanzar una mejor calidad de vida\u201d.<\/p>\n","protected":false},"excerpt":{"rendered":"<p>El presidente del I.A FUNDESTA, Carlos Trompiz, subray\u00f3 que con las ferias de emprendedores, el gobierno del T\u00e1chira se ha basado en la inclusi\u00f3n de todas las tendencias pol\u00edticas para promover el desarrollo estadal. \u201cHoy nos encontramos con un equipo de personas responsables, disciplinadas, con compromiso, determinaci\u00f3n y perseverancia. Estoy seguro que tal como dice el gobernador Freddy Bernal, el modelo de pa\u00eds productivo y auto sostenible va a nacer y se va a consolidar en el estado T\u00e1chira. El gobernador est\u00e1 demostrando que est\u00e1 presente junto a todas las tendencias para brindar soluciones desde la integraci\u00f3n\u201d. Asegur\u00f3 que: \u201cQuien permanece en actitud positiva ante la vida, haciendo frente a las dificultades, vi\u00e9ndolo como desaf\u00edos, como un reto para crecer, entiende el prop\u00f3sito de haber venido a este mundo, y podr\u00e1 crecer y alcanzar una mejor calidad de vida\u201d.<\/p>\n","protected":false},"author":2,"featured_media":1576,"comment_status":"closed","ping_status":"closed","sticky":false,"template":"","format":"standard","meta":{"footnotes":""},"categories":[26],"tags":[],"class_list":["post-1575","post","type-post","status-publish","format-standard","has-post-thumbnail","hentry","category-desarrollo-regional"],"_links":{"self":[{"href":"https:\/\/fundesta.gob.ve\/index.php?rest_route=\/wp\/v2\/posts\/1575"}],"collection":[{"href":"https:\/\/fundesta.gob.ve\/index.php?rest_route=\/wp\/v2\/posts"}],"about":[{"href":"https:\/\/fundesta.gob.ve\/index.php?rest_route=\/wp\/v2\/types\/post"}],"author":[{"embeddable":true,"href":"https:\/\/fundesta.gob.ve\/index.php?rest_route=\/wp\/v2\/users\/2"}],"replies":[{"embeddable":true,"href":"https:\/\/fundesta.gob.ve\/index.php?rest_route=%2Fwp%2Fv2%2Fcomments&post=1575"}],"version-history":[{"count":1,"href":"https:\/\/fundesta.gob.ve\/index.php?rest_route=\/wp\/v2\/posts\/1575\/revisions"}],"predecessor-version":[{"id":1577,"href":"https:\/\/fundesta.gob.ve\/index.php?rest_route=\/wp\/v2\/posts\/1575\/revisions\/1577"}],"wp:featuredmedia":[{"embeddable":true,"href":"https:\/\/fundesta.gob.ve\/index.php?rest_route=\/wp\/v2\/media\/1576"}],"wp:attachment":[{"href":"https:\/\/fundesta.gob.ve\/index.php?rest_route=%2Fwp%2Fv2%2Fmedia&parent=1575"}],"wp:term":[{"taxonomy":"category","embeddable":true,"href":"https:\/\/fundesta.gob.ve\/index.php?rest_route=%2Fwp%2Fv2%2Fcategories&post=1575"},{"taxonomy":"post_tag","embeddable":true,"href":"https:\/\/fundesta.gob.ve\/index.php?rest_route=%2Fwp%2Fv2%2Ftags&post=1575"}],"curies":[{"name":"wp","href":"https:\/\/api.w.org\/{rel}","templated":true}]}}