{"id":1572,"date":"2025-01-12T17:40:08","date_gmt":"2025-01-12T21:40:08","guid":{"rendered":"https:\/\/fundesta.gob.ve\/?p=1572"},"modified":"2025-01-12T17:40:09","modified_gmt":"2025-01-12T21:40:09","slug":"2023-municipio-andres-bello-presente-en-las-ferias-de-emprendimientos-tachirenses","status":"publish","type":"post","link":"https:\/\/fundesta.gob.ve\/?p=1572","title":{"rendered":"2023 Municipio Andr\u00e9s Bello presente en las Ferias de Emprendimientos Tachirenses"},"content":{"rendered":"\n<p><strong>63 emprendedores<\/strong> integraron la primera Feria de Emprendimiento del municipio Andr\u00e9s Bello, desarrollada en la plaza Andr\u00e9s Bello de Cordero.<\/p>\n\n\n\n<p>Entre m\u00fasica, alegr\u00eda y un maravilloso ambiente familiar, los expositores presentaron una surtida gama de productos agr\u00edcolas, av\u00edcolas, textiles, artesanales y la acostumbrada gastronom\u00eda andina infaltable en estas actividades.<\/p>\n\n\n\n<p>Estuvieron presentes <strong>Carlos Trompiz, presidente del Instituto Aut\u00f3nomo para el Desarrollo de la Econom\u00eda Social FUDESTA y secretario de Desarrollo Econ\u00f3mico de la Gobernaci\u00f3n del T\u00e1chira<\/strong>; Daniel Escalona, presidente de Emprende T\u00e1chira y l\u00edder estadal del Movimiento Emprendedor Venezuela; Nuvia Criollo, alcaldesa del municipio Andr\u00e9s Bello; Falnia Delgado, Coordinadora de Emprendimiento Municipal, la Directora de Pol\u00edtica y Participaci\u00f3n Ciudadana, Mayra Ontiveros y los coordinadores de finanzas, prensa y ferias de Emprende T\u00e1chira, para dar cumplimiento con uno de los requerimientos del Ejecutivo Nacional que permite conocer al emprendedor y contribuir a su apalancamiento y crecimiento como propulsor del desarrollo de la econom\u00eda nacional.<\/p>\n","protected":false},"excerpt":{"rendered":"<p>63 emprendedores integraron la primera Feria de Emprendimiento del municipio Andr\u00e9s Bello, desarrollada en la plaza Andr\u00e9s Bello de Cordero. Entre m\u00fasica, alegr\u00eda y un maravilloso ambiente familiar, los expositores presentaron una surtida gama de productos agr\u00edcolas, av\u00edcolas, textiles, artesanales y la acostumbrada gastronom\u00eda andina infaltable en estas actividades. Estuvieron presentes Carlos Trompiz, presidente del Instituto Aut\u00f3nomo para el Desarrollo de la Econom\u00eda Social FUDESTA y secretario de Desarrollo Econ\u00f3mico de la Gobernaci\u00f3n del T\u00e1chira; Daniel Escalona, presidente de Emprende T\u00e1chira y l\u00edder estadal del Movimiento Emprendedor Venezuela; Nuvia Criollo, alcaldesa del municipio Andr\u00e9s Bello; Falnia Delgado, Coordinadora de Emprendimiento Municipal, la Directora de Pol\u00edtica y Participaci\u00f3n Ciudadana, Mayra Ontiveros y los coordinadores de finanzas, prensa y ferias de Emprende T\u00e1chira, para dar cumplimiento con uno de los requerimientos del Ejecutivo Nacional que permite conocer al emprendedor y contribuir a su apalancamiento y crecimiento como propulsor del desarrollo de la econom\u00eda nacional.<\/p>\n","protected":false},"author":2,"featured_media":1573,"comment_status":"closed","ping_status":"closed","sticky":false,"template":"","format":"standard","meta":{"footnotes":""},"categories":[27],"tags":[],"class_list":["post-1572","post","type-post","status-publish","format-standard","has-post-thumbnail","hentry","category-emprendedores"],"_links":{"self":[{"href":"https:\/\/fundesta.gob.ve\/index.php?rest_route=\/wp\/v2\/posts\/1572"}],"collection":[{"href":"https:\/\/fundesta.gob.ve\/index.php?rest_route=\/wp\/v2\/posts"}],"about":[{"href":"https:\/\/fundesta.gob.ve\/index.php?rest_route=\/wp\/v2\/types\/post"}],"author":[{"embeddable":true,"href":"https:\/\/fundesta.gob.ve\/index.php?rest_route=\/wp\/v2\/users\/2"}],"replies":[{"embeddable":true,"href":"https:\/\/fundesta.gob.ve\/index.php?rest_route=%2Fwp%2Fv2%2Fcomments&post=1572"}],"version-history":[{"count":1,"href":"https:\/\/fundesta.gob.ve\/index.php?rest_route=\/wp\/v2\/posts\/1572\/revisions"}],"predecessor-version":[{"id":1574,"href":"https:\/\/fundesta.gob.ve\/index.php?rest_route=\/wp\/v2\/posts\/1572\/revisions\/1574"}],"wp:featuredmedia":[{"embeddable":true,"href":"https:\/\/fundesta.gob.ve\/index.php?rest_route=\/wp\/v2\/media\/1573"}],"wp:attachment":[{"href":"https:\/\/fundesta.gob.ve\/index.php?rest_route=%2Fwp%2Fv2%2Fmedia&parent=1572"}],"wp:term":[{"taxonomy":"category","embeddable":true,"href":"https:\/\/fundesta.gob.ve\/index.php?rest_route=%2Fwp%2Fv2%2Fcategories&post=1572"},{"taxonomy":"post_tag","embeddable":true,"href":"https:\/\/fundesta.gob.ve\/index.php?rest_route=%2Fwp%2Fv2%2Ftags&post=1572"}],"curies":[{"name":"wp","href":"https:\/\/api.w.org\/{rel}","templated":true}]}}